{"id":2463,"date":"2025-03-14T08:19:44","date_gmt":"2025-03-14T07:19:44","guid":{"rendered":"https:\/\/www.schuetzen-allerheiligen.at\/?p=2463"},"modified":"2025-03-14T08:28:45","modified_gmt":"2025-03-14T07:28:45","slug":"bataillonsjungschuetzenschiessen-08-03-2025","status":"publish","type":"post","link":"https:\/\/www.schuetzen-allerheiligen.at\/?p=2463","title":{"rendered":"Bataillonsjungschu\u0308tzenschiessen 08.03.2025"},"content":{"rendered":"\n<figure class=\"wp-block-image size-large\"><img data-dominant-color=\"7f7887\" data-has-transparency=\"false\" style=\"--dominant-color: #7f7887;\" loading=\"lazy\" decoding=\"async\" width=\"768\" height=\"1024\" src=\"https:\/\/www.schuetzen-allerheiligen.at\/wp-content\/uploads\/2025\/03\/7bd048dd-d19f-4b61-8e83-d12fac82cc54-768x1024.avif\" alt=\"\" class=\"wp-image-2456 not-transparent\" srcset=\"https:\/\/www.schuetzen-allerheiligen.at\/wp-content\/uploads\/2025\/03\/7bd048dd-d19f-4b61-8e83-d12fac82cc54-768x1024.avif 768w, https:\/\/www.schuetzen-allerheiligen.at\/wp-content\/uploads\/2025\/03\/7bd048dd-d19f-4b61-8e83-d12fac82cc54-225x300.avif 225w, https:\/\/www.schuetzen-allerheiligen.at\/wp-content\/uploads\/2025\/03\/7bd048dd-d19f-4b61-8e83-d12fac82cc54-1152x1536.avif 1152w, https:\/\/www.schuetzen-allerheiligen.at\/wp-content\/uploads\/2025\/03\/7bd048dd-d19f-4b61-8e83-d12fac82cc54.avif 1500w\" sizes=\"auto, (max-width: 767px) 89vw, (max-width: 1000px) 54vw, (max-width: 1071px) 543px, 580px\" \/><\/figure>\n\n\n\n<p>Battaillonsjungsch\u00fctzenschie\u00dfen 2025 <\/p>\n\n\n\n<p>Gro\u00dfartige Erfolge unserer Jungmarketenderinnen und Jungsch\u00fctzen. Johanna Dag erzielte in ihrer Klasse den hervorragenden 1. Platz.              Wir gratulieren recht herzlich<\/p>\n","protected":false},"excerpt":{"rendered":"<p>Battaillonsjungsch\u00fctzenschie\u00dfen 2025 Gro\u00dfartige Erfolge unserer Jungmarketenderinnen und Jungsch\u00fctzen. Johanna Dag erzielte in ihrer Klasse den hervorragenden 1. Platz. Wir gratulieren recht herzlich<\/p>\n","protected":false},"author":2,"featured_media":0,"comment_status":"closed","ping_status":"closed","sticky":false,"template":"","format":"standard","meta":{"advanced_seo_description":"","jetpack_seo_html_title":"","jetpack_seo_noindex":false,"_jetpack_memberships_contains_paid_content":false,"footnotes":""},"categories":[1],"tags":[],"class_list":["post-2463","post","type-post","status-publish","format-standard","hentry","category-allgemein"],"jetpack_featured_media_url":"","jetpack_sharing_enabled":true,"_links":{"self":[{"href":"https:\/\/www.schuetzen-allerheiligen.at\/index.php?rest_route=\/wp\/v2\/posts\/2463","targetHints":{"allow":["GET"]}}],"collection":[{"href":"https:\/\/www.schuetzen-allerheiligen.at\/index.php?rest_route=\/wp\/v2\/posts"}],"about":[{"href":"https:\/\/www.schuetzen-allerheiligen.at\/index.php?rest_route=\/wp\/v2\/types\/post"}],"author":[{"embeddable":true,"href":"https:\/\/www.schuetzen-allerheiligen.at\/index.php?rest_route=\/wp\/v2\/users\/2"}],"replies":[{"embeddable":true,"href":"https:\/\/www.schuetzen-allerheiligen.at\/index.php?rest_route=%2Fwp%2Fv2%2Fcomments&post=2463"}],"version-history":[{"count":0,"href":"https:\/\/www.schuetzen-allerheiligen.at\/index.php?rest_route=\/wp\/v2\/posts\/2463\/revisions"}],"wp:attachment":[{"href":"https:\/\/www.schuetzen-allerheiligen.at\/index.php?rest_route=%2Fwp%2Fv2%2Fmedia&parent=2463"}],"wp:term":[{"taxonomy":"category","embeddable":true,"href":"https:\/\/www.schuetzen-allerheiligen.at\/index.php?rest_route=%2Fwp%2Fv2%2Fcategories&post=2463"},{"taxonomy":"post_tag","embeddable":true,"href":"https:\/\/www.schuetzen-allerheiligen.at\/index.php?rest_route=%2Fwp%2Fv2%2Ftags&post=2463"}],"curies":[{"name":"wp","href":"https:\/\/api.w.org\/{rel}","templated":true}]}}