{"id":2471,"date":"2025-03-26T08:29:14","date_gmt":"2025-03-26T07:29:14","guid":{"rendered":"https:\/\/www.schuetzen-allerheiligen.at\/?p=2471"},"modified":"2025-03-26T08:29:14","modified_gmt":"2025-03-26T07:29:14","slug":"80-geburtstag-ehrenoberleutnant-alfred-fredl-steiner","status":"publish","type":"post","link":"https:\/\/www.schuetzen-allerheiligen.at\/?p=2471","title":{"rendered":"80. Geburtstag Ehrenoberleutnant Alfred &#8222;Fredl&#8220; Steiner"},"content":{"rendered":"\n<p><\/p>\n\n\n\n<figure class=\"wp-block-image size-full\"><img data-dominant-color=\"60708e\" data-has-transparency=\"false\" style=\"--dominant-color: #60708e;\" loading=\"lazy\" decoding=\"async\" width=\"461\" height=\"1000\" src=\"https:\/\/www.schuetzen-allerheiligen.at\/wp-content\/uploads\/2025\/03\/Fredl_Geb.avif\" alt=\"\" class=\"wp-image-2470 not-transparent\" srcset=\"https:\/\/www.schuetzen-allerheiligen.at\/wp-content\/uploads\/2025\/03\/Fredl_Geb.avif 461w, https:\/\/www.schuetzen-allerheiligen.at\/wp-content\/uploads\/2025\/03\/Fredl_Geb-138x300.avif 138w\" sizes=\"auto, (max-width: 461px) 100vw, 461px\" \/><\/figure>\n\n\n\n<p>Herzlichen Gl\u00fcckwunsch zu 80 Jahren &#8211; Wir w\u00fcnschen dir viele gl\u00fcckliche und gesunde Jahre. <\/p>\n\n\n\n<p><\/p>\n","protected":false},"excerpt":{"rendered":"<p>Herzlichen Gl\u00fcckwunsch zu 80 Jahren &#8211; Wir w\u00fcnschen dir viele gl\u00fcckliche und gesunde Jahre.<\/p>\n","protected":false},"author":2,"featured_media":0,"comment_status":"closed","ping_status":"closed","sticky":false,"template":"","format":"standard","meta":{"advanced_seo_description":"","jetpack_seo_html_title":"","jetpack_seo_noindex":false,"_jetpack_memberships_contains_paid_content":false,"footnotes":""},"categories":[1],"tags":[],"class_list":["post-2471","post","type-post","status-publish","format-standard","hentry","category-allgemein"],"jetpack_featured_media_url":"","jetpack_sharing_enabled":true,"_links":{"self":[{"href":"https:\/\/www.schuetzen-allerheiligen.at\/index.php?rest_route=\/wp\/v2\/posts\/2471","targetHints":{"allow":["GET"]}}],"collection":[{"href":"https:\/\/www.schuetzen-allerheiligen.at\/index.php?rest_route=\/wp\/v2\/posts"}],"about":[{"href":"https:\/\/www.schuetzen-allerheiligen.at\/index.php?rest_route=\/wp\/v2\/types\/post"}],"author":[{"embeddable":true,"href":"https:\/\/www.schuetzen-allerheiligen.at\/index.php?rest_route=\/wp\/v2\/users\/2"}],"replies":[{"embeddable":true,"href":"https:\/\/www.schuetzen-allerheiligen.at\/index.php?rest_route=%2Fwp%2Fv2%2Fcomments&post=2471"}],"version-history":[{"count":0,"href":"https:\/\/www.schuetzen-allerheiligen.at\/index.php?rest_route=\/wp\/v2\/posts\/2471\/revisions"}],"wp:attachment":[{"href":"https:\/\/www.schuetzen-allerheiligen.at\/index.php?rest_route=%2Fwp%2Fv2%2Fmedia&parent=2471"}],"wp:term":[{"taxonomy":"category","embeddable":true,"href":"https:\/\/www.schuetzen-allerheiligen.at\/index.php?rest_route=%2Fwp%2Fv2%2Fcategories&post=2471"},{"taxonomy":"post_tag","embeddable":true,"href":"https:\/\/www.schuetzen-allerheiligen.at\/index.php?rest_route=%2Fwp%2Fv2%2Ftags&post=2471"}],"curies":[{"name":"wp","href":"https:\/\/api.w.org\/{rel}","templated":true}]}}