{"id":2571,"date":"2025-05-06T09:15:35","date_gmt":"2025-05-06T07:15:35","guid":{"rendered":"https:\/\/www.schuetzen-allerheiligen.at\/?p=2571"},"modified":"2025-05-06T09:20:04","modified_gmt":"2025-05-06T07:20:04","slug":"maibaumfest-allerheiligen","status":"publish","type":"post","link":"https:\/\/www.schuetzen-allerheiligen.at\/?p=2571","title":{"rendered":"Maibaumfest in Allerheiligen"},"content":{"rendered":"\n<p>Maibaumfest in Allerheiligen: Ein gelungenes Fest trotz unerwarteter H\u00fcrden<\/p>\n\n\n\n<p>Ein weiteres Jahr ist vergangen \u2013 und so durften wir am 1. Mai wieder zahlreiche Besucherinnen und Besucher bei unserem Maibaumfest in Allerheiligen begr\u00fc\u00dfen.<\/p>\n\n\n\n<figure class=\"wp-block-image size-large\"><img data-dominant-color=\"81946b\" data-has-transparency=\"false\" style=\"--dominant-color: #81946b;\" loading=\"lazy\" decoding=\"async\" width=\"576\" height=\"1024\" src=\"https:\/\/www.schuetzen-allerheiligen.at\/wp-content\/uploads\/2025\/05\/AC2242A6-E5F6-4AB3-9A69-F2A8EEA505C2Maifest-2025-576x1024.avif\" alt=\"\" class=\"wp-image-2548 not-transparent\" srcset=\"https:\/\/www.schuetzen-allerheiligen.at\/wp-content\/uploads\/2025\/05\/AC2242A6-E5F6-4AB3-9A69-F2A8EEA505C2Maifest-2025-576x1024.avif 576w, https:\/\/www.schuetzen-allerheiligen.at\/wp-content\/uploads\/2025\/05\/AC2242A6-E5F6-4AB3-9A69-F2A8EEA505C2Maifest-2025-169x300.avif 169w, https:\/\/www.schuetzen-allerheiligen.at\/wp-content\/uploads\/2025\/05\/AC2242A6-E5F6-4AB3-9A69-F2A8EEA505C2Maifest-2025-768x1365.avif 768w, https:\/\/www.schuetzen-allerheiligen.at\/wp-content\/uploads\/2025\/05\/AC2242A6-E5F6-4AB3-9A69-F2A8EEA505C2Maifest-2025-864x1536.avif 864w, https:\/\/www.schuetzen-allerheiligen.at\/wp-content\/uploads\/2025\/05\/AC2242A6-E5F6-4AB3-9A69-F2A8EEA505C2Maifest-2025.avif 900w\" sizes=\"auto, (max-width: 576px) 100vw, 576px\" \/><\/figure>\n\n\n\n<p>Ein Fest dieser Gr\u00f6\u00dfenordnung erfordert selbstverst\u00e4ndlich viel Vorbereitung. Neben Genehmigungen, Bestellungen und zahlreichen organisatorischen Details darf vor allem eines nicht fehlen: der Maibaum.<\/p>\n\n\n\n<p>Umso gr\u00f6\u00dfer war der Schock, als uns zwei Tage vor dem Fest die Hiobsbotschaft erreichte: Unser bereits vorbereiteter Maibaum wurde in der Nacht im Wald von Unbekannten zers\u00e4gt \u2013 ein Moment, in dem uns allen kurz das Herz stillstand.<\/p>\n\n\n\n<p>Doch dank des schnellen und engagierten Einsatzes der Stadt Innsbruck und des Forstamts konnte bereits am n\u00e4chsten Tag ein neuer Baum organisiert und geliefert werden \u2013 ein herzliches Dankesch\u00f6n daf\u00fcr!<\/p>\n\n\n\n<p>Damit nicht genug: In der Nacht zum 1. Mai, um 00:40 Uhr, fuhr ein schwarzer PKW ohne Kennzeichen auf das Festgel\u00e4nde. Zwei Personen versuchten mit laufender Motors\u00e4ge, den frisch aufgestellten Maibaum erneut zu besch\u00e4digen. Zum Gl\u00fcck war unsere Maibaumwache zur Stelle und konnte die T\u00e4ter rechtzeitig vertreiben \u2013 der Baum blieb unversehrt (na gut, ein kleiner Kratzer war zu sehen), und einem gelungenen Fest stand nichts mehr im Weg.<\/p>\n\n\n\n<p>Aus dem gro\u00dfen Besucherandrang im Vorjahr haben wir gelernt: Schon in der Planungsphase haben wir besonderen Wert auf die Optimierung der Logistik gelegt, um Wartezeiten an den Stationen m\u00f6glichst gering zu halten. Das durchweg positive Feedback unserer G\u00e4ste hat gezeigt, dass sich dieser Einsatz gelohnt hat.<\/p>\n\n\n\n<p>Bei strahlendem Wetter und gro\u00dfartiger Stimmung fehlte es dem Fest an nichts. Musikalisch begleitet wurde der Tag von den \u201eTiroler Alpenkavalieren\u201c und dem stimmungsvollen Standkonzert der Musikkapelle Allerheiligen. Abgerundet wurde das Programm durch die Freiwillige Feuerwehr H\u00f6tting, die f\u00fcr zus\u00e4tzliche Highlights sorgte.<\/p>\n\n\n\n<figure class=\"wp-block-image size-large\"><img data-dominant-color=\"747983\" data-has-transparency=\"false\" style=\"--dominant-color: #747983;\" loading=\"lazy\" decoding=\"async\" width=\"768\" height=\"1024\" src=\"https:\/\/www.schuetzen-allerheiligen.at\/wp-content\/uploads\/2025\/05\/E5D2751A-A30C-46C1-A9F2-BA6480776B8EMaifest-2025-768x1024.avif\" alt=\"\" class=\"wp-image-2557 not-transparent\" srcset=\"https:\/\/www.schuetzen-allerheiligen.at\/wp-content\/uploads\/2025\/05\/E5D2751A-A30C-46C1-A9F2-BA6480776B8EMaifest-2025-768x1024.avif 768w, https:\/\/www.schuetzen-allerheiligen.at\/wp-content\/uploads\/2025\/05\/E5D2751A-A30C-46C1-A9F2-BA6480776B8EMaifest-2025-225x300.avif 225w, https:\/\/www.schuetzen-allerheiligen.at\/wp-content\/uploads\/2025\/05\/E5D2751A-A30C-46C1-A9F2-BA6480776B8EMaifest-2025-1152x1536.avif 1152w, https:\/\/www.schuetzen-allerheiligen.at\/wp-content\/uploads\/2025\/05\/E5D2751A-A30C-46C1-A9F2-BA6480776B8EMaifest-2025.avif 1200w\" sizes=\"auto, (max-width: 767px) 89vw, (max-width: 1000px) 54vw, (max-width: 1071px) 543px, 580px\" \/><\/figure>\n\n\n\n<p>Ein herzliches Dankesch\u00f6n gilt allen Festg\u00e4sten, Sponsoren, Helferinnen und Helfern, Organisatoren sowie der Stadt Innsbruck und dem Forstamt \u2013 ohne euch w\u00e4re dieses Fest nicht m\u00f6glich gewesen.<\/p>\n\n\n\n<p>Wir freuen uns schon jetzt darauf, euch auch im n\u00e4chsten Jahr wieder bei uns begr\u00fc\u00dfen zu d\u00fcrfen!<\/p>\n\n\n\n<p>Eure Sch\u00fctzenkompanie Allerheiligen<\/p>\n","protected":false},"excerpt":{"rendered":"<p>Maibaumfest in Allerheiligen: Ein gelungenes Fest trotz unerwarteter H\u00fcrden Ein weiteres Jahr ist vergangen \u2013 und so durften wir am 1. Mai wieder zahlreiche Besucherinnen und Besucher bei unserem Maibaumfest &hellip; <\/p>\n<p class=\"link-more\"><a href=\"https:\/\/www.schuetzen-allerheiligen.at\/?p=2571\" class=\"more-link\"><span class=\"screen-reader-text\">\u201eMaibaumfest in Allerheiligen\u201c<\/span> weiterlesen<\/a><\/p>\n","protected":false},"author":4,"featured_media":0,"comment_status":"closed","ping_status":"closed","sticky":false,"template":"","format":"standard","meta":{"advanced_seo_description":"","jetpack_seo_html_title":"","jetpack_seo_noindex":false,"_jetpack_memberships_contains_paid_content":false,"footnotes":""},"categories":[1],"tags":[],"class_list":["post-2571","post","type-post","status-publish","format-standard","hentry","category-allgemein"],"jetpack_featured_media_url":"","jetpack_sharing_enabled":true,"_links":{"self":[{"href":"https:\/\/www.schuetzen-allerheiligen.at\/index.php?rest_route=\/wp\/v2\/posts\/2571","targetHints":{"allow":["GET"]}}],"collection":[{"href":"https:\/\/www.schuetzen-allerheiligen.at\/index.php?rest_route=\/wp\/v2\/posts"}],"about":[{"href":"https:\/\/www.schuetzen-allerheiligen.at\/index.php?rest_route=\/wp\/v2\/types\/post"}],"author":[{"embeddable":true,"href":"https:\/\/www.schuetzen-allerheiligen.at\/index.php?rest_route=\/wp\/v2\/users\/4"}],"replies":[{"embeddable":true,"href":"https:\/\/www.schuetzen-allerheiligen.at\/index.php?rest_route=%2Fwp%2Fv2%2Fcomments&post=2571"}],"version-history":[{"count":0,"href":"https:\/\/www.schuetzen-allerheiligen.at\/index.php?rest_route=\/wp\/v2\/posts\/2571\/revisions"}],"wp:attachment":[{"href":"https:\/\/www.schuetzen-allerheiligen.at\/index.php?rest_route=%2Fwp%2Fv2%2Fmedia&parent=2571"}],"wp:term":[{"taxonomy":"category","embeddable":true,"href":"https:\/\/www.schuetzen-allerheiligen.at\/index.php?rest_route=%2Fwp%2Fv2%2Fcategories&post=2571"},{"taxonomy":"post_tag","embeddable":true,"href":"https:\/\/www.schuetzen-allerheiligen.at\/index.php?rest_route=%2Fwp%2Fv2%2Ftags&post=2571"}],"curies":[{"name":"wp","href":"https:\/\/api.w.org\/{rel}","templated":true}]}}